{"id":5694,"date":"2020-12-05T00:02:33","date_gmt":"2020-12-04T23:02:33","guid":{"rendered":"https:\/\/noaksark.org\/stockholm\/?p=5694"},"modified":"2020-12-05T00:02:33","modified_gmt":"2020-12-04T23:02:33","slug":"internationella-volontardagen-5-december","status":"publish","type":"post","link":"https:\/\/noaksark.org\/stockholm\/2020\/12\/05\/internationella-volontardagen-5-december\/","title":{"rendered":"Internationella volont\u00e4rdagen 5 december"},"content":{"rendered":"<p>Vi har volont\u00e4rers engagemang att tacka f\u00f6r grundande av v\u00e5r verksamhet f\u00f6r snart 40 \u00e5r sedan och vi har volont\u00e4rerna att tacka f\u00f6r v\u00e5r verksamhet detta \u00e5r 2020, ett \u00e5r helt olikt alla andra. <!--more-->Genom ert engagemang, energi, kreativitet, hj\u00e4lpsamhet, ansvarsk\u00e4nsla och f\u00f6rm\u00e5ga att skapa trygghet och gemenskap har fysisk distansering inte inneburit en social och k\u00e4nslom\u00e4ssig distansering i dessa tider.<\/p>\n<p>Under 2020 har ni volont\u00e4rer bland annat bemannat receptionen, hj\u00e4lpt till med att fixa och ordna i lokalerna, genomf\u00f6rt aktiviteter, l\u00e4rt barn att simma och haft skoj med barnfamiljer. Ni har \u00e4ven introducerat nya g\u00e4ster till v\u00e5r verksamhet, delat ut information, gett k\u00e4nslom\u00e4ssigt och medm\u00e4nskligt st\u00f6d till andra och varandra och startat samtalstr\u00e4ffar. Ni har ocks\u00e5 bidragit med er spr\u00e5kkompetens p\u00e5 exempelvis spanska, ahmarinja, tigrinja, ryska, arabiska och thail\u00e4ndska till b\u00e5de informationsinsatser och i kontakten med v\u00e5ra bes\u00f6kare. Vi v\u00e4xer och utvecklas tillsammans f\u00f6r varandra och framf\u00f6rallt f\u00f6r de vi gemensamt m\u00f6ter i v\u00e5ra verksamheter.<\/p>\n<p>\u00c4ven om restriktionerna till f\u00f6ljd av covid-19 pandemin satt en del hinder f\u00f6r att kunna bidra som vanligt, eller snarare som \u00f6nskat, s\u00e5 har det <em>i sig<\/em> varit en gemensam insats f\u00f6r att vi alla ska kunna \u00e5terg\u00e5 till en efterl\u00e4ngtad vardag. Att ge varandra den d\u00e4r kramen som man kan sakna, ha det f\u00f6rtroendefulla samtalet som gjorde dagen lite mer hoppfull eller att g\u00e5 p\u00e5 den d\u00e4r aktiviteten som gav nya bekantskaper och en k\u00e4nsla f\u00f6r sammanhang.<\/p>\n<p>Vi vill uppm\u00e4rksamma er, alla v\u00e5ra fantastiska volont\u00e4rer, i samband med den internationella volont\u00e4rdagen den 5 december. Tack vare ert engagemang har detta \u00e5r varit fullt av omtanke, social n\u00e4rvaro, kreativa l\u00f6sningar och betydelsefulla insatser. Det \u00e4r det finaste ni kan ge och vi som f\u00f6rening \u00e4r s\u00e5 tacksamma och stolta \u00f6ver er alla!<\/p>\n<p>&nbsp;<\/p>\n<p><strong>Medarbetare och styrelsen Noaks Ark Stockholm<\/strong><\/p>\n","protected":false},"excerpt":{"rendered":"<p>Vi har volont\u00e4rers engagemang att tacka f\u00f6r grundande av v\u00e5r verksamhet f\u00f6r snart 40 \u00e5r sedan och vi har volont\u00e4rerna att tacka f\u00f6r v\u00e5r verksamhet detta \u00e5r 2020, ett \u00e5r helt olikt alla andra.<\/p>\n","protected":false},"author":6,"featured_media":0,"comment_status":"closed","ping_status":"closed","sticky":false,"template":"","format":"standard","meta":{"_acf_changed":false,"footnotes":""},"categories":[3],"tags":[51,6,52,53,54],"class_list":["post-5694","post","type-post","status-publish","format-standard","hentry","category-aktuellt","tag-arkens-volontarer","tag-gemenskap","tag-ideell-forening","tag-internationella-volontardagen","tag-volontarer"],"acf":[],"yoast_head":"<!-- This site is optimized with the Yoast SEO Premium plugin v27.4 (Yoast SEO v27.5) - https:\/\/yoast.com\/product\/yoast-seo-premium-wordpress\/ -->\n<title>Internationella volont\u00e4rdagen 5 december - Noaks Ark Stockholm<\/title>\n<meta name=\"robots\" content=\"index, follow, max-snippet:-1, max-image-preview:large, max-video-preview:-1\" \/>\n<link rel=\"canonical\" href=\"https:\/\/noaksark.org\/stockholm\/2020\/12\/05\/internationella-volontardagen-5-december\/\" \/>\n<meta property=\"og:locale\" content=\"sv_SE\" \/>\n<meta property=\"og:type\" content=\"article\" \/>\n<meta property=\"og:title\" content=\"Internationella volont\u00e4rdagen 5 december\" \/>\n<meta property=\"og:description\" content=\"Vi har volont\u00e4rers engagemang att tacka f\u00f6r grundande av v\u00e5r verksamhet f\u00f6r snart 40 \u00e5r sedan och vi har volont\u00e4rerna att tacka f\u00f6r v\u00e5r verksamhet detta \u00e5r 2020, ett \u00e5r helt olikt alla andra.\" \/>\n<meta property=\"og:url\" content=\"https:\/\/noaksark.org\/stockholm\/2020\/12\/05\/internationella-volontardagen-5-december\/\" \/>\n<meta property=\"og:site_name\" content=\"Noaks Ark Stockholm\" \/>\n<meta property=\"article:publisher\" content=\"https:\/\/www.facebook.com\/noaksarkstockholm\" \/>\n<meta property=\"article:published_time\" content=\"2020-12-04T23:02:33+00:00\" \/>\n<meta name=\"author\" content=\"ericakanon\" \/>\n<meta name=\"twitter:card\" content=\"summary_large_image\" \/>\n<meta name=\"twitter:label1\" content=\"Skriven av\" \/>\n\t<meta name=\"twitter:data1\" content=\"ericakanon\" \/>\n\t<meta name=\"twitter:label2\" content=\"Ber\u00e4knad l\u00e4stid\" \/>\n\t<meta name=\"twitter:data2\" content=\"2 minuter\" \/>\n<script type=\"application\/ld+json\" class=\"yoast-schema-graph\">{\"@context\":\"https:\\\/\\\/schema.org\",\"@graph\":[{\"@type\":\"Article\",\"@id\":\"https:\\\/\\\/noaksark.org\\\/stockholm\\\/2020\\\/12\\\/05\\\/internationella-volontardagen-5-december\\\/#article\",\"isPartOf\":{\"@id\":\"https:\\\/\\\/noaksark.org\\\/stockholm\\\/2020\\\/12\\\/05\\\/internationella-volontardagen-5-december\\\/\"},\"author\":{\"name\":\"ericakanon\",\"@id\":\"https:\\\/\\\/noaksark.org\\\/stockholm\\\/#\\\/schema\\\/person\\\/bc7c811894bff61e51dda70be0c1f7e4\"},\"headline\":\"Internationella volont\u00e4rdagen 5 december\",\"datePublished\":\"2020-12-04T23:02:33+00:00\",\"mainEntityOfPage\":{\"@id\":\"https:\\\/\\\/noaksark.org\\\/stockholm\\\/2020\\\/12\\\/05\\\/internationella-volontardagen-5-december\\\/\"},\"wordCount\":346,\"publisher\":{\"@id\":\"https:\\\/\\\/noaksark.org\\\/stockholm\\\/#organization\"},\"keywords\":[\"arkens volont\u00e4rer\",\"gemenskap\",\"ideell f\u00f6rening\",\"internationella volont\u00e4rdagen\",\"volont\u00e4rer\"],\"articleSection\":[\"Aktuellt\"],\"inLanguage\":\"sv-SE\"},{\"@type\":\"WebPage\",\"@id\":\"https:\\\/\\\/noaksark.org\\\/stockholm\\\/2020\\\/12\\\/05\\\/internationella-volontardagen-5-december\\\/\",\"url\":\"https:\\\/\\\/noaksark.org\\\/stockholm\\\/2020\\\/12\\\/05\\\/internationella-volontardagen-5-december\\\/\",\"name\":\"Internationella volont\u00e4rdagen 5 december - Noaks Ark Stockholm\",\"isPartOf\":{\"@id\":\"https:\\\/\\\/noaksark.org\\\/stockholm\\\/#website\"},\"datePublished\":\"2020-12-04T23:02:33+00:00\",\"breadcrumb\":{\"@id\":\"https:\\\/\\\/noaksark.org\\\/stockholm\\\/2020\\\/12\\\/05\\\/internationella-volontardagen-5-december\\\/#breadcrumb\"},\"inLanguage\":\"sv-SE\",\"potentialAction\":[{\"@type\":\"ReadAction\",\"target\":[\"https:\\\/\\\/noaksark.org\\\/stockholm\\\/2020\\\/12\\\/05\\\/internationella-volontardagen-5-december\\\/\"]}]},{\"@type\":\"BreadcrumbList\",\"@id\":\"https:\\\/\\\/noaksark.org\\\/stockholm\\\/2020\\\/12\\\/05\\\/internationella-volontardagen-5-december\\\/#breadcrumb\",\"itemListElement\":[{\"@type\":\"ListItem\",\"position\":1,\"name\":\"Home\",\"item\":\"https:\\\/\\\/noaksark.org\\\/stockholm\\\/\"},{\"@type\":\"ListItem\",\"position\":2,\"name\":\"Internationella volont\u00e4rdagen 5 december\"}]},{\"@type\":\"WebSite\",\"@id\":\"https:\\\/\\\/noaksark.org\\\/stockholm\\\/#website\",\"url\":\"https:\\\/\\\/noaksark.org\\\/stockholm\\\/\",\"name\":\"Noaks Ark Stockholm\",\"description\":\"\",\"publisher\":{\"@id\":\"https:\\\/\\\/noaksark.org\\\/stockholm\\\/#organization\"},\"potentialAction\":[{\"@type\":\"SearchAction\",\"target\":{\"@type\":\"EntryPoint\",\"urlTemplate\":\"https:\\\/\\\/noaksark.org\\\/stockholm\\\/?s={search_term_string}\"},\"query-input\":{\"@type\":\"PropertyValueSpecification\",\"valueRequired\":true,\"valueName\":\"search_term_string\"}}],\"inLanguage\":\"sv-SE\"},{\"@type\":\"Organization\",\"@id\":\"https:\\\/\\\/noaksark.org\\\/stockholm\\\/#organization\",\"name\":\"Noaks Ark Stockholm\",\"url\":\"https:\\\/\\\/noaksark.org\\\/stockholm\\\/\",\"logo\":{\"@type\":\"ImageObject\",\"inLanguage\":\"sv-SE\",\"@id\":\"https:\\\/\\\/noaksark.org\\\/stockholm\\\/#\\\/schema\\\/logo\\\/image\\\/\",\"url\":\"https:\\\/\\\/noaksark.org\\\/stockholm\\\/wp-content\\\/uploads\\\/sites\\\/2\\\/2022\\\/08\\\/noaks-ark-nyheter-vad-betyder-noaks-ark-for-dig.jpg\",\"contentUrl\":\"https:\\\/\\\/noaksark.org\\\/stockholm\\\/wp-content\\\/uploads\\\/sites\\\/2\\\/2022\\\/08\\\/noaks-ark-nyheter-vad-betyder-noaks-ark-for-dig.jpg\",\"width\":1000,\"height\":1000,\"caption\":\"Noaks Ark Stockholm\"},\"image\":{\"@id\":\"https:\\\/\\\/noaksark.org\\\/stockholm\\\/#\\\/schema\\\/logo\\\/image\\\/\"},\"sameAs\":[\"https:\\\/\\\/www.facebook.com\\\/noaksarkstockholm\",\"https:\\\/\\\/www.instagram.com\\\/noaksarkstockholm\\\/\",\"https:\\\/\\\/se.linkedin.com\\\/company\\\/noaks-ark-stockholm\"]},{\"@type\":\"Person\",\"@id\":\"https:\\\/\\\/noaksark.org\\\/stockholm\\\/#\\\/schema\\\/person\\\/bc7c811894bff61e51dda70be0c1f7e4\",\"name\":\"ericakanon\",\"image\":{\"@type\":\"ImageObject\",\"inLanguage\":\"sv-SE\",\"@id\":\"https:\\\/\\\/secure.gravatar.com\\\/avatar\\\/637ef0a6c8dffd1a52b306e8277c751d545338065a7e5d2f734609a8baa7b550?s=96&d=mm&r=g\",\"url\":\"https:\\\/\\\/secure.gravatar.com\\\/avatar\\\/637ef0a6c8dffd1a52b306e8277c751d545338065a7e5d2f734609a8baa7b550?s=96&d=mm&r=g\",\"contentUrl\":\"https:\\\/\\\/secure.gravatar.com\\\/avatar\\\/637ef0a6c8dffd1a52b306e8277c751d545338065a7e5d2f734609a8baa7b550?s=96&d=mm&r=g\",\"caption\":\"ericakanon\"},\"url\":\"https:\\\/\\\/noaksark.org\\\/stockholm\\\/author\\\/ericakanon\\\/\"}]}<\/script>\n<!-- \/ Yoast SEO Premium plugin. -->","yoast_head_json":{"title":"Internationella volont\u00e4rdagen 5 december - Noaks Ark Stockholm","robots":{"index":"index","follow":"follow","max-snippet":"max-snippet:-1","max-image-preview":"max-image-preview:large","max-video-preview":"max-video-preview:-1"},"canonical":"https:\/\/noaksark.org\/stockholm\/2020\/12\/05\/internationella-volontardagen-5-december\/","og_locale":"sv_SE","og_type":"article","og_title":"Internationella volont\u00e4rdagen 5 december","og_description":"Vi har volont\u00e4rers engagemang att tacka f\u00f6r grundande av v\u00e5r verksamhet f\u00f6r snart 40 \u00e5r sedan och vi har volont\u00e4rerna att tacka f\u00f6r v\u00e5r verksamhet detta \u00e5r 2020, ett \u00e5r helt olikt alla andra.","og_url":"https:\/\/noaksark.org\/stockholm\/2020\/12\/05\/internationella-volontardagen-5-december\/","og_site_name":"Noaks Ark Stockholm","article_publisher":"https:\/\/www.facebook.com\/noaksarkstockholm","article_published_time":"2020-12-04T23:02:33+00:00","author":"ericakanon","twitter_card":"summary_large_image","twitter_misc":{"Skriven av":"ericakanon","Ber\u00e4knad l\u00e4stid":"2 minuter"},"schema":{"@context":"https:\/\/schema.org","@graph":[{"@type":"Article","@id":"https:\/\/noaksark.org\/stockholm\/2020\/12\/05\/internationella-volontardagen-5-december\/#article","isPartOf":{"@id":"https:\/\/noaksark.org\/stockholm\/2020\/12\/05\/internationella-volontardagen-5-december\/"},"author":{"name":"ericakanon","@id":"https:\/\/noaksark.org\/stockholm\/#\/schema\/person\/bc7c811894bff61e51dda70be0c1f7e4"},"headline":"Internationella volont\u00e4rdagen 5 december","datePublished":"2020-12-04T23:02:33+00:00","mainEntityOfPage":{"@id":"https:\/\/noaksark.org\/stockholm\/2020\/12\/05\/internationella-volontardagen-5-december\/"},"wordCount":346,"publisher":{"@id":"https:\/\/noaksark.org\/stockholm\/#organization"},"keywords":["arkens volont\u00e4rer","gemenskap","ideell f\u00f6rening","internationella volont\u00e4rdagen","volont\u00e4rer"],"articleSection":["Aktuellt"],"inLanguage":"sv-SE"},{"@type":"WebPage","@id":"https:\/\/noaksark.org\/stockholm\/2020\/12\/05\/internationella-volontardagen-5-december\/","url":"https:\/\/noaksark.org\/stockholm\/2020\/12\/05\/internationella-volontardagen-5-december\/","name":"Internationella volont\u00e4rdagen 5 december - Noaks Ark Stockholm","isPartOf":{"@id":"https:\/\/noaksark.org\/stockholm\/#website"},"datePublished":"2020-12-04T23:02:33+00:00","breadcrumb":{"@id":"https:\/\/noaksark.org\/stockholm\/2020\/12\/05\/internationella-volontardagen-5-december\/#breadcrumb"},"inLanguage":"sv-SE","potentialAction":[{"@type":"ReadAction","target":["https:\/\/noaksark.org\/stockholm\/2020\/12\/05\/internationella-volontardagen-5-december\/"]}]},{"@type":"BreadcrumbList","@id":"https:\/\/noaksark.org\/stockholm\/2020\/12\/05\/internationella-volontardagen-5-december\/#breadcrumb","itemListElement":[{"@type":"ListItem","position":1,"name":"Home","item":"https:\/\/noaksark.org\/stockholm\/"},{"@type":"ListItem","position":2,"name":"Internationella volont\u00e4rdagen 5 december"}]},{"@type":"WebSite","@id":"https:\/\/noaksark.org\/stockholm\/#website","url":"https:\/\/noaksark.org\/stockholm\/","name":"Noaks Ark Stockholm","description":"","publisher":{"@id":"https:\/\/noaksark.org\/stockholm\/#organization"},"potentialAction":[{"@type":"SearchAction","target":{"@type":"EntryPoint","urlTemplate":"https:\/\/noaksark.org\/stockholm\/?s={search_term_string}"},"query-input":{"@type":"PropertyValueSpecification","valueRequired":true,"valueName":"search_term_string"}}],"inLanguage":"sv-SE"},{"@type":"Organization","@id":"https:\/\/noaksark.org\/stockholm\/#organization","name":"Noaks Ark Stockholm","url":"https:\/\/noaksark.org\/stockholm\/","logo":{"@type":"ImageObject","inLanguage":"sv-SE","@id":"https:\/\/noaksark.org\/stockholm\/#\/schema\/logo\/image\/","url":"https:\/\/noaksark.org\/stockholm\/wp-content\/uploads\/sites\/2\/2022\/08\/noaks-ark-nyheter-vad-betyder-noaks-ark-for-dig.jpg","contentUrl":"https:\/\/noaksark.org\/stockholm\/wp-content\/uploads\/sites\/2\/2022\/08\/noaks-ark-nyheter-vad-betyder-noaks-ark-for-dig.jpg","width":1000,"height":1000,"caption":"Noaks Ark Stockholm"},"image":{"@id":"https:\/\/noaksark.org\/stockholm\/#\/schema\/logo\/image\/"},"sameAs":["https:\/\/www.facebook.com\/noaksarkstockholm","https:\/\/www.instagram.com\/noaksarkstockholm\/","https:\/\/se.linkedin.com\/company\/noaks-ark-stockholm"]},{"@type":"Person","@id":"https:\/\/noaksark.org\/stockholm\/#\/schema\/person\/bc7c811894bff61e51dda70be0c1f7e4","name":"ericakanon","image":{"@type":"ImageObject","inLanguage":"sv-SE","@id":"https:\/\/secure.gravatar.com\/avatar\/637ef0a6c8dffd1a52b306e8277c751d545338065a7e5d2f734609a8baa7b550?s=96&d=mm&r=g","url":"https:\/\/secure.gravatar.com\/avatar\/637ef0a6c8dffd1a52b306e8277c751d545338065a7e5d2f734609a8baa7b550?s=96&d=mm&r=g","contentUrl":"https:\/\/secure.gravatar.com\/avatar\/637ef0a6c8dffd1a52b306e8277c751d545338065a7e5d2f734609a8baa7b550?s=96&d=mm&r=g","caption":"ericakanon"},"url":"https:\/\/noaksark.org\/stockholm\/author\/ericakanon\/"}]}},"_links":{"self":[{"href":"https:\/\/noaksark.org\/stockholm\/wp-json\/wp\/v2\/posts\/5694","targetHints":{"allow":["GET"]}}],"collection":[{"href":"https:\/\/noaksark.org\/stockholm\/wp-json\/wp\/v2\/posts"}],"about":[{"href":"https:\/\/noaksark.org\/stockholm\/wp-json\/wp\/v2\/types\/post"}],"author":[{"embeddable":true,"href":"https:\/\/noaksark.org\/stockholm\/wp-json\/wp\/v2\/users\/6"}],"replies":[{"embeddable":true,"href":"https:\/\/noaksark.org\/stockholm\/wp-json\/wp\/v2\/comments?post=5694"}],"version-history":[{"count":0,"href":"https:\/\/noaksark.org\/stockholm\/wp-json\/wp\/v2\/posts\/5694\/revisions"}],"wp:attachment":[{"href":"https:\/\/noaksark.org\/stockholm\/wp-json\/wp\/v2\/media?parent=5694"}],"wp:term":[{"taxonomy":"category","embeddable":true,"href":"https:\/\/noaksark.org\/stockholm\/wp-json\/wp\/v2\/categories?post=5694"},{"taxonomy":"post_tag","embeddable":true,"href":"https:\/\/noaksark.org\/stockholm\/wp-json\/wp\/v2\/tags?post=5694"}],"curies":[{"name":"wp","href":"https:\/\/api.w.org\/{rel}","templated":true}]}}