{"id":5641,"date":"2020-11-25T16:49:32","date_gmt":"2020-11-25T15:49:32","guid":{"rendered":"https:\/\/noaksark.org\/stockholm\/?p=5641"},"modified":"2020-11-25T16:49:32","modified_gmt":"2020-11-25T15:49:32","slug":"wad2020","status":"publish","type":"post","link":"https:\/\/noaksark.org\/stockholm\/2020\/11\/25\/wad2020\/","title":{"rendered":"Styrelsens &#8221;tal&#8221; med anledning av World Aids Day"},"content":{"rendered":"<p>[vc_row css_animation=&#8221;&#8221; row_type=&#8221;row&#8221; use_row_as_full_screen_section=&#8221;no&#8221; type=&#8221;full_width&#8221; angled_section=&#8221;no&#8221; text_align=&#8221;left&#8221; background_image_as_pattern=&#8221;without_pattern&#8221;][vc_column][vc_single_image image=&#8221;5650&#8243; img_size=&#8221;full&#8221; qode_css_animation=&#8221;&#8221;][vc_empty_space][vc_column_text]<\/p>\n<h2><span style=\"color: #d60606\">World Aids Day 2020<\/span><img loading=\"lazy\" decoding=\"async\" class=\"wp-image-5643 alignright\" style=\"font-size: 16px\" src=\"https:\/\/noaksark.org\/stockholm\/wp-content\/uploads\/sites\/2\/2020\/11\/wad-logo.png\" alt=\"\" width=\"219\" height=\"183\" \/><\/h2>\n<p>\u00d6ver hela v\u00e4rlden uppm\u00e4rksammas denna dag f\u00f6r att synligg\u00f6ra hivfr\u00e5gan, f\u00f6r att samla in kunskap och erfarenheter men ocks\u00e5 som en dag att minnas det som varit. Vi minns historien men ser ocks\u00e5 fram\u00e5t.<\/p>\n<h3><span style=\"color: #d60606\">Varf\u00f6r \u00e4r det viktigt att prata om hiv idag i Sverige?<\/span><\/h3>\n<p>Tack vare den medicinska utvecklingen \u00e4r det sv\u00e5raste med att leva med hiv idag s\u00e4llan infektionen, utan andras okunskap. Det \u00e4r helt oacceptabelt att stigmatisering av personer som lever med hiv forts\u00e4tter!<\/p>\n<p>Eftersom dagens hivbehandling \u00e4r s\u00e5 effektiv att man kan leva ett gott och l\u00e5ngt liv med hiv borde det se annorlunda ut 2020. Det \u00e4r vetenskapligt bevisat att behandlingen i Sverige \u00e4r mycket effektiv och p\u00e5verkar viruset till s\u00e5 l\u00e5ga niv\u00e5er att det inte g\u00e5r att m\u00e4ta. Behandlad hiv smittar inte vid sex.<\/p>\n<p>The Lancet HIV publicerade i oktober en studie om de vardagliga och psykologiska b\u00f6rdor som \u00e4r kopplade till hiv bland homo- och bisexuella m\u00e4n i Nederl\u00e4nderna. Studien avsl\u00f6jar att ungef\u00e4r en tredjedel av deltagarna fortfarande tycker att hiv leder till betydande negativa konsekvenser eller en h\u00f6g \u00e5ngestb\u00f6rda. Forskarna konstaterar att den vanligaste och ih\u00e5llande sv\u00e5righeten uppfattas vara att ber\u00e4tta om sin hivdiagnos.<\/p>\n<h3><span style=\"color: #d60606\">World Aids Day och covid-19<\/span><\/h3>\n<p>World Aids Day \u00e4r en speciell dag f\u00f6r m\u00e5nga, samtidigt p\u00e5verkas vi ocks\u00e5 av de speciella tider vi lever i just nu. Vi p\u00e5 Noaks Ark Stockholm \u00e4r sm\u00e4rtsamt medvetna \u00f6ver hur nya virus kan skapa r\u00e4dsla, stigmatisering och utanf\u00f6rskap. Nu talar hela v\u00e4rlden och samh\u00e4llet om virus igen och m\u00e5nga p\u00e5minns om tr\u00e5kiga minnen fr\u00e5n 80- 90-talet.<\/p>\n<p>Vi blir alla p\u00e5verkade av covid-19 p\u00e5 olika s\u00e4tt, i Sverige och resten av v\u00e4rlden. Organisationen UNAIDS prognos \u00e4r att \u00f6ver 500.000 personer i v\u00e4rlden riskerar att avlida av hivrelaterade sjukdomar p\u00e5 grund av uteblivna hivmediciner orsakade av coronapandemin.<\/p>\n<p>Vi p\u00e5 Noaks Ark Stockholm anpassar v\u00e5r verksamhet och v\u00e5ra aktiviteter efter r\u00e5dande situation. V\u00e5ra g\u00e4ster och bes\u00f6kare har ett fortsatt behov av att m\u00f6tas, f\u00e5 st\u00f6d och att hivtesta sig och vi f\u00f6rs\u00f6ker hitta v\u00e5r v\u00e4g att hantera situationen, bland annat genom att erbjuda digitala m\u00f6ten.<\/p>\n<p>World Aids Day \u00e4r i \u00e5r annorlunda men \u00e4nd\u00e5 som vanligt. Vi minns de som inte l\u00e4ngre finns med oss och uppm\u00e4rksammar hiv i samh\u00e4llet. \u00c4ven om vi p\u00e5 Noaks Ark Stockholm arbetar med och f\u00f6r personer som lever med hiv alla \u00e5rets dagar, s\u00e5 \u00e4r denna dag mycket speciell f\u00f6r oss.\u00a0Den 1 december \u00e4r extra viktig i \u00e5r!<\/p>\n<h3><span style=\"color: #d60606\">Noaks Ark Stockholms styrelse<\/span><\/h3>\n<p>H\u00e5kan J\u00f6rnehed, styrelseordf\u00f6rande<br \/>\nKalle Norwald, vice ordf\u00f6rande<br \/>\nAnders Karlsson<br \/>\nAsma Jundi<br \/>\nLisa George-Svan<br \/>\nMalin Tuvesson<br \/>\nSolveig Danielsson-Ekbom[\/vc_column_text][vc_empty_space][vc_empty_space][vc_single_image image=&#8221;5643&#8243; img_size=&#8221;full&#8221; qode_css_animation=&#8221;&#8221;][\/vc_column][\/vc_row]<\/p>\n","protected":false},"excerpt":{"rendered":"<p>[vc_row css_animation=&#8221;&#8221; row_type=&#8221;row&#8221; use_row_as_full_screen_section=&#8221;no&#8221; type=&#8221;full_width&#8221; angled_section=&#8221;no&#8221; text_align=&#8221;left&#8221; background_image_as_pattern=&#8221;without_pattern&#8221;][vc_column][vc_single_image image=&#8221;5650&#8243; img_size=&#8221;full&#8221; qode_css_animation=&#8221;&#8221;][vc_empty_space][vc_column_text] World Aids Day 2020 \u00d6ver hela v\u00e4rlden uppm\u00e4rksammas denna dag f\u00f6r att synligg\u00f6ra hivfr\u00e5gan, f\u00f6r att samla in kunskap och erfarenheter men ocks\u00e5 som&#8230;<\/p>\n","protected":false},"author":6,"featured_media":0,"comment_status":"closed","ping_status":"closed","sticky":false,"template":"","format":"standard","meta":{"_acf_changed":false,"footnotes":""},"categories":[13],"tags":[],"class_list":["post-5641","post","type-post","status-publish","format-standard","hentry","category-okategoriserade"],"acf":[],"yoast_head":"<!-- This site is optimized with the Yoast SEO Premium plugin v27.4 (Yoast SEO v27.5) - https:\/\/yoast.com\/product\/yoast-seo-premium-wordpress\/ -->\n<title>Styrelsens &quot;tal&quot; med anledning av World Aids Day - Noaks Ark Stockholm<\/title>\n<meta name=\"robots\" content=\"index, follow, max-snippet:-1, max-image-preview:large, max-video-preview:-1\" \/>\n<link rel=\"canonical\" href=\"https:\/\/noaksark.org\/stockholm\/2020\/11\/25\/wad2020\/\" \/>\n<meta property=\"og:locale\" content=\"sv_SE\" \/>\n<meta property=\"og:type\" content=\"article\" \/>\n<meta property=\"og:title\" content=\"Styrelsens &quot;tal&quot; med anledning av World Aids Day\" \/>\n<meta property=\"og:description\" content=\"[vc_row css_animation=&#8221;&#8221; row_type=&#8221;row&#8221; use_row_as_full_screen_section=&#8221;no&#8221; type=&#8221;full_width&#8221; angled_section=&#8221;no&#8221; text_align=&#8221;left&#8221; background_image_as_pattern=&#8221;without_pattern&#8221;][vc_column][vc_single_image image=&#8221;5650&#8243; img_size=&#8221;full&#8221; qode_css_animation=&#8221;&#8221;][vc_empty_space][vc_column_text] World Aids Day 2020 \u00d6ver hela v\u00e4rlden uppm\u00e4rksammas denna dag f\u00f6r att synligg\u00f6ra hivfr\u00e5gan, f\u00f6r att samla in kunskap och erfarenheter men ocks\u00e5 som...\" \/>\n<meta property=\"og:url\" content=\"https:\/\/noaksark.org\/stockholm\/2020\/11\/25\/wad2020\/\" \/>\n<meta property=\"og:site_name\" content=\"Noaks Ark Stockholm\" \/>\n<meta property=\"article:publisher\" content=\"https:\/\/www.facebook.com\/noaksarkstockholm\" \/>\n<meta property=\"article:published_time\" content=\"2020-11-25T15:49:32+00:00\" \/>\n<meta property=\"og:image\" content=\"https:\/\/noaksark.org\/stockholm\/wp-content\/uploads\/sites\/2\/2020\/11\/wad-logo.png\" \/>\n<meta name=\"author\" content=\"ericakanon\" \/>\n<meta name=\"twitter:card\" content=\"summary_large_image\" \/>\n<meta name=\"twitter:label1\" content=\"Skriven av\" \/>\n\t<meta name=\"twitter:data1\" content=\"ericakanon\" \/>\n\t<meta name=\"twitter:label2\" content=\"Ber\u00e4knad l\u00e4stid\" \/>\n\t<meta name=\"twitter:data2\" content=\"3 minuter\" \/>\n<script type=\"application\/ld+json\" class=\"yoast-schema-graph\">{\"@context\":\"https:\\\/\\\/schema.org\",\"@graph\":[{\"@type\":\"Article\",\"@id\":\"https:\\\/\\\/noaksark.org\\\/stockholm\\\/2020\\\/11\\\/25\\\/wad2020\\\/#article\",\"isPartOf\":{\"@id\":\"https:\\\/\\\/noaksark.org\\\/stockholm\\\/2020\\\/11\\\/25\\\/wad2020\\\/\"},\"author\":{\"name\":\"ericakanon\",\"@id\":\"https:\\\/\\\/noaksark.org\\\/stockholm\\\/#\\\/schema\\\/person\\\/bc7c811894bff61e51dda70be0c1f7e4\"},\"headline\":\"Styrelsens &#8221;tal&#8221; med anledning av World Aids Day\",\"datePublished\":\"2020-11-25T15:49:32+00:00\",\"mainEntityOfPage\":{\"@id\":\"https:\\\/\\\/noaksark.org\\\/stockholm\\\/2020\\\/11\\\/25\\\/wad2020\\\/\"},\"wordCount\":565,\"publisher\":{\"@id\":\"https:\\\/\\\/noaksark.org\\\/stockholm\\\/#organization\"},\"image\":{\"@id\":\"https:\\\/\\\/noaksark.org\\\/stockholm\\\/2020\\\/11\\\/25\\\/wad2020\\\/#primaryimage\"},\"thumbnailUrl\":\"https:\\\/\\\/noaksark.org\\\/stockholm\\\/wp-content\\\/uploads\\\/sites\\\/2\\\/2020\\\/11\\\/wad-logo.png\",\"inLanguage\":\"sv-SE\"},{\"@type\":\"WebPage\",\"@id\":\"https:\\\/\\\/noaksark.org\\\/stockholm\\\/2020\\\/11\\\/25\\\/wad2020\\\/\",\"url\":\"https:\\\/\\\/noaksark.org\\\/stockholm\\\/2020\\\/11\\\/25\\\/wad2020\\\/\",\"name\":\"Styrelsens \\\"tal\\\" med anledning av World Aids Day - Noaks Ark Stockholm\",\"isPartOf\":{\"@id\":\"https:\\\/\\\/noaksark.org\\\/stockholm\\\/#website\"},\"primaryImageOfPage\":{\"@id\":\"https:\\\/\\\/noaksark.org\\\/stockholm\\\/2020\\\/11\\\/25\\\/wad2020\\\/#primaryimage\"},\"image\":{\"@id\":\"https:\\\/\\\/noaksark.org\\\/stockholm\\\/2020\\\/11\\\/25\\\/wad2020\\\/#primaryimage\"},\"thumbnailUrl\":\"https:\\\/\\\/noaksark.org\\\/stockholm\\\/wp-content\\\/uploads\\\/sites\\\/2\\\/2020\\\/11\\\/wad-logo.png\",\"datePublished\":\"2020-11-25T15:49:32+00:00\",\"breadcrumb\":{\"@id\":\"https:\\\/\\\/noaksark.org\\\/stockholm\\\/2020\\\/11\\\/25\\\/wad2020\\\/#breadcrumb\"},\"inLanguage\":\"sv-SE\",\"potentialAction\":[{\"@type\":\"ReadAction\",\"target\":[\"https:\\\/\\\/noaksark.org\\\/stockholm\\\/2020\\\/11\\\/25\\\/wad2020\\\/\"]}]},{\"@type\":\"ImageObject\",\"inLanguage\":\"sv-SE\",\"@id\":\"https:\\\/\\\/noaksark.org\\\/stockholm\\\/2020\\\/11\\\/25\\\/wad2020\\\/#primaryimage\",\"url\":\"https:\\\/\\\/noaksark.org\\\/stockholm\\\/wp-content\\\/uploads\\\/sites\\\/2\\\/2020\\\/11\\\/wad-logo.png\",\"contentUrl\":\"https:\\\/\\\/noaksark.org\\\/stockholm\\\/wp-content\\\/uploads\\\/sites\\\/2\\\/2020\\\/11\\\/wad-logo.png\",\"width\":1984,\"height\":1679},{\"@type\":\"BreadcrumbList\",\"@id\":\"https:\\\/\\\/noaksark.org\\\/stockholm\\\/2020\\\/11\\\/25\\\/wad2020\\\/#breadcrumb\",\"itemListElement\":[{\"@type\":\"ListItem\",\"position\":1,\"name\":\"Home\",\"item\":\"https:\\\/\\\/noaksark.org\\\/stockholm\\\/\"},{\"@type\":\"ListItem\",\"position\":2,\"name\":\"Styrelsens &#8220;tal&#8221; med anledning av World Aids Day\"}]},{\"@type\":\"WebSite\",\"@id\":\"https:\\\/\\\/noaksark.org\\\/stockholm\\\/#website\",\"url\":\"https:\\\/\\\/noaksark.org\\\/stockholm\\\/\",\"name\":\"Noaks Ark Stockholm\",\"description\":\"\",\"publisher\":{\"@id\":\"https:\\\/\\\/noaksark.org\\\/stockholm\\\/#organization\"},\"potentialAction\":[{\"@type\":\"SearchAction\",\"target\":{\"@type\":\"EntryPoint\",\"urlTemplate\":\"https:\\\/\\\/noaksark.org\\\/stockholm\\\/?s={search_term_string}\"},\"query-input\":{\"@type\":\"PropertyValueSpecification\",\"valueRequired\":true,\"valueName\":\"search_term_string\"}}],\"inLanguage\":\"sv-SE\"},{\"@type\":\"Organization\",\"@id\":\"https:\\\/\\\/noaksark.org\\\/stockholm\\\/#organization\",\"name\":\"Noaks Ark Stockholm\",\"url\":\"https:\\\/\\\/noaksark.org\\\/stockholm\\\/\",\"logo\":{\"@type\":\"ImageObject\",\"inLanguage\":\"sv-SE\",\"@id\":\"https:\\\/\\\/noaksark.org\\\/stockholm\\\/#\\\/schema\\\/logo\\\/image\\\/\",\"url\":\"https:\\\/\\\/noaksark.org\\\/stockholm\\\/wp-content\\\/uploads\\\/sites\\\/2\\\/2022\\\/08\\\/noaks-ark-nyheter-vad-betyder-noaks-ark-for-dig.jpg\",\"contentUrl\":\"https:\\\/\\\/noaksark.org\\\/stockholm\\\/wp-content\\\/uploads\\\/sites\\\/2\\\/2022\\\/08\\\/noaks-ark-nyheter-vad-betyder-noaks-ark-for-dig.jpg\",\"width\":1000,\"height\":1000,\"caption\":\"Noaks Ark Stockholm\"},\"image\":{\"@id\":\"https:\\\/\\\/noaksark.org\\\/stockholm\\\/#\\\/schema\\\/logo\\\/image\\\/\"},\"sameAs\":[\"https:\\\/\\\/www.facebook.com\\\/noaksarkstockholm\",\"https:\\\/\\\/www.instagram.com\\\/noaksarkstockholm\\\/\",\"https:\\\/\\\/se.linkedin.com\\\/company\\\/noaks-ark-stockholm\"]},{\"@type\":\"Person\",\"@id\":\"https:\\\/\\\/noaksark.org\\\/stockholm\\\/#\\\/schema\\\/person\\\/bc7c811894bff61e51dda70be0c1f7e4\",\"name\":\"ericakanon\",\"image\":{\"@type\":\"ImageObject\",\"inLanguage\":\"sv-SE\",\"@id\":\"https:\\\/\\\/secure.gravatar.com\\\/avatar\\\/637ef0a6c8dffd1a52b306e8277c751d545338065a7e5d2f734609a8baa7b550?s=96&d=mm&r=g\",\"url\":\"https:\\\/\\\/secure.gravatar.com\\\/avatar\\\/637ef0a6c8dffd1a52b306e8277c751d545338065a7e5d2f734609a8baa7b550?s=96&d=mm&r=g\",\"contentUrl\":\"https:\\\/\\\/secure.gravatar.com\\\/avatar\\\/637ef0a6c8dffd1a52b306e8277c751d545338065a7e5d2f734609a8baa7b550?s=96&d=mm&r=g\",\"caption\":\"ericakanon\"},\"url\":\"https:\\\/\\\/noaksark.org\\\/stockholm\\\/author\\\/ericakanon\\\/\"}]}<\/script>\n<!-- \/ Yoast SEO Premium plugin. -->","yoast_head_json":{"title":"Styrelsens \"tal\" med anledning av World Aids Day - Noaks Ark Stockholm","robots":{"index":"index","follow":"follow","max-snippet":"max-snippet:-1","max-image-preview":"max-image-preview:large","max-video-preview":"max-video-preview:-1"},"canonical":"https:\/\/noaksark.org\/stockholm\/2020\/11\/25\/wad2020\/","og_locale":"sv_SE","og_type":"article","og_title":"Styrelsens \"tal\" med anledning av World Aids Day","og_description":"[vc_row css_animation=&#8221;&#8221; row_type=&#8221;row&#8221; use_row_as_full_screen_section=&#8221;no&#8221; type=&#8221;full_width&#8221; angled_section=&#8221;no&#8221; text_align=&#8221;left&#8221; background_image_as_pattern=&#8221;without_pattern&#8221;][vc_column][vc_single_image image=&#8221;5650&#8243; img_size=&#8221;full&#8221; qode_css_animation=&#8221;&#8221;][vc_empty_space][vc_column_text] World Aids Day 2020 \u00d6ver hela v\u00e4rlden uppm\u00e4rksammas denna dag f\u00f6r att synligg\u00f6ra hivfr\u00e5gan, f\u00f6r att samla in kunskap och erfarenheter men ocks\u00e5 som...","og_url":"https:\/\/noaksark.org\/stockholm\/2020\/11\/25\/wad2020\/","og_site_name":"Noaks Ark Stockholm","article_publisher":"https:\/\/www.facebook.com\/noaksarkstockholm","article_published_time":"2020-11-25T15:49:32+00:00","og_image":[{"url":"https:\/\/noaksark.org\/stockholm\/wp-content\/uploads\/sites\/2\/2020\/11\/wad-logo.png","type":"","width":"","height":""}],"author":"ericakanon","twitter_card":"summary_large_image","twitter_misc":{"Skriven av":"ericakanon","Ber\u00e4knad l\u00e4stid":"3 minuter"},"schema":{"@context":"https:\/\/schema.org","@graph":[{"@type":"Article","@id":"https:\/\/noaksark.org\/stockholm\/2020\/11\/25\/wad2020\/#article","isPartOf":{"@id":"https:\/\/noaksark.org\/stockholm\/2020\/11\/25\/wad2020\/"},"author":{"name":"ericakanon","@id":"https:\/\/noaksark.org\/stockholm\/#\/schema\/person\/bc7c811894bff61e51dda70be0c1f7e4"},"headline":"Styrelsens &#8221;tal&#8221; med anledning av World Aids Day","datePublished":"2020-11-25T15:49:32+00:00","mainEntityOfPage":{"@id":"https:\/\/noaksark.org\/stockholm\/2020\/11\/25\/wad2020\/"},"wordCount":565,"publisher":{"@id":"https:\/\/noaksark.org\/stockholm\/#organization"},"image":{"@id":"https:\/\/noaksark.org\/stockholm\/2020\/11\/25\/wad2020\/#primaryimage"},"thumbnailUrl":"https:\/\/noaksark.org\/stockholm\/wp-content\/uploads\/sites\/2\/2020\/11\/wad-logo.png","inLanguage":"sv-SE"},{"@type":"WebPage","@id":"https:\/\/noaksark.org\/stockholm\/2020\/11\/25\/wad2020\/","url":"https:\/\/noaksark.org\/stockholm\/2020\/11\/25\/wad2020\/","name":"Styrelsens \"tal\" med anledning av World Aids Day - Noaks Ark Stockholm","isPartOf":{"@id":"https:\/\/noaksark.org\/stockholm\/#website"},"primaryImageOfPage":{"@id":"https:\/\/noaksark.org\/stockholm\/2020\/11\/25\/wad2020\/#primaryimage"},"image":{"@id":"https:\/\/noaksark.org\/stockholm\/2020\/11\/25\/wad2020\/#primaryimage"},"thumbnailUrl":"https:\/\/noaksark.org\/stockholm\/wp-content\/uploads\/sites\/2\/2020\/11\/wad-logo.png","datePublished":"2020-11-25T15:49:32+00:00","breadcrumb":{"@id":"https:\/\/noaksark.org\/stockholm\/2020\/11\/25\/wad2020\/#breadcrumb"},"inLanguage":"sv-SE","potentialAction":[{"@type":"ReadAction","target":["https:\/\/noaksark.org\/stockholm\/2020\/11\/25\/wad2020\/"]}]},{"@type":"ImageObject","inLanguage":"sv-SE","@id":"https:\/\/noaksark.org\/stockholm\/2020\/11\/25\/wad2020\/#primaryimage","url":"https:\/\/noaksark.org\/stockholm\/wp-content\/uploads\/sites\/2\/2020\/11\/wad-logo.png","contentUrl":"https:\/\/noaksark.org\/stockholm\/wp-content\/uploads\/sites\/2\/2020\/11\/wad-logo.png","width":1984,"height":1679},{"@type":"BreadcrumbList","@id":"https:\/\/noaksark.org\/stockholm\/2020\/11\/25\/wad2020\/#breadcrumb","itemListElement":[{"@type":"ListItem","position":1,"name":"Home","item":"https:\/\/noaksark.org\/stockholm\/"},{"@type":"ListItem","position":2,"name":"Styrelsens &#8220;tal&#8221; med anledning av World Aids Day"}]},{"@type":"WebSite","@id":"https:\/\/noaksark.org\/stockholm\/#website","url":"https:\/\/noaksark.org\/stockholm\/","name":"Noaks Ark Stockholm","description":"","publisher":{"@id":"https:\/\/noaksark.org\/stockholm\/#organization"},"potentialAction":[{"@type":"SearchAction","target":{"@type":"EntryPoint","urlTemplate":"https:\/\/noaksark.org\/stockholm\/?s={search_term_string}"},"query-input":{"@type":"PropertyValueSpecification","valueRequired":true,"valueName":"search_term_string"}}],"inLanguage":"sv-SE"},{"@type":"Organization","@id":"https:\/\/noaksark.org\/stockholm\/#organization","name":"Noaks Ark Stockholm","url":"https:\/\/noaksark.org\/stockholm\/","logo":{"@type":"ImageObject","inLanguage":"sv-SE","@id":"https:\/\/noaksark.org\/stockholm\/#\/schema\/logo\/image\/","url":"https:\/\/noaksark.org\/stockholm\/wp-content\/uploads\/sites\/2\/2022\/08\/noaks-ark-nyheter-vad-betyder-noaks-ark-for-dig.jpg","contentUrl":"https:\/\/noaksark.org\/stockholm\/wp-content\/uploads\/sites\/2\/2022\/08\/noaks-ark-nyheter-vad-betyder-noaks-ark-for-dig.jpg","width":1000,"height":1000,"caption":"Noaks Ark Stockholm"},"image":{"@id":"https:\/\/noaksark.org\/stockholm\/#\/schema\/logo\/image\/"},"sameAs":["https:\/\/www.facebook.com\/noaksarkstockholm","https:\/\/www.instagram.com\/noaksarkstockholm\/","https:\/\/se.linkedin.com\/company\/noaks-ark-stockholm"]},{"@type":"Person","@id":"https:\/\/noaksark.org\/stockholm\/#\/schema\/person\/bc7c811894bff61e51dda70be0c1f7e4","name":"ericakanon","image":{"@type":"ImageObject","inLanguage":"sv-SE","@id":"https:\/\/secure.gravatar.com\/avatar\/637ef0a6c8dffd1a52b306e8277c751d545338065a7e5d2f734609a8baa7b550?s=96&d=mm&r=g","url":"https:\/\/secure.gravatar.com\/avatar\/637ef0a6c8dffd1a52b306e8277c751d545338065a7e5d2f734609a8baa7b550?s=96&d=mm&r=g","contentUrl":"https:\/\/secure.gravatar.com\/avatar\/637ef0a6c8dffd1a52b306e8277c751d545338065a7e5d2f734609a8baa7b550?s=96&d=mm&r=g","caption":"ericakanon"},"url":"https:\/\/noaksark.org\/stockholm\/author\/ericakanon\/"}]}},"_links":{"self":[{"href":"https:\/\/noaksark.org\/stockholm\/wp-json\/wp\/v2\/posts\/5641","targetHints":{"allow":["GET"]}}],"collection":[{"href":"https:\/\/noaksark.org\/stockholm\/wp-json\/wp\/v2\/posts"}],"about":[{"href":"https:\/\/noaksark.org\/stockholm\/wp-json\/wp\/v2\/types\/post"}],"author":[{"embeddable":true,"href":"https:\/\/noaksark.org\/stockholm\/wp-json\/wp\/v2\/users\/6"}],"replies":[{"embeddable":true,"href":"https:\/\/noaksark.org\/stockholm\/wp-json\/wp\/v2\/comments?post=5641"}],"version-history":[{"count":0,"href":"https:\/\/noaksark.org\/stockholm\/wp-json\/wp\/v2\/posts\/5641\/revisions"}],"wp:attachment":[{"href":"https:\/\/noaksark.org\/stockholm\/wp-json\/wp\/v2\/media?parent=5641"}],"wp:term":[{"taxonomy":"category","embeddable":true,"href":"https:\/\/noaksark.org\/stockholm\/wp-json\/wp\/v2\/categories?post=5641"},{"taxonomy":"post_tag","embeddable":true,"href":"https:\/\/noaksark.org\/stockholm\/wp-json\/wp\/v2\/tags?post=5641"}],"curies":[{"name":"wp","href":"https:\/\/api.w.org\/{rel}","templated":true}]}}