{"id":3422,"date":"2025-11-04T15:01:19","date_gmt":"2025-11-04T14:01:19","guid":{"rendered":"https:\/\/noaksark.org\/mosaik\/?p=3422"},"modified":"2025-11-04T15:01:20","modified_gmt":"2025-11-04T14:01:20","slug":"tva-samtal-med-noaks-ark-mosaiks-ordforande-per-svensson-lyssna-i-noaks-ark-podden","status":"publish","type":"post","link":"https:\/\/noaksark.org\/mosaik\/2025\/11\/04\/tva-samtal-med-noaks-ark-mosaiks-ordforande-per-svensson-lyssna-i-noaks-ark-podden\/","title":{"rendered":"Tv\u00e5 samtal med Noaks Ark Mosaiks ordf\u00f6rande Per Svensson. Lyssna i Noaks Ark-podden"},"content":{"rendered":"\n<h3 class=\"wp-block-heading\" id=\"h-tva-samtal-med-per-svensson\">Tv\u00e5 samtal med Per Svensson<\/h3>\n\n\n\n<p><strong>Fr\u00e5n volont\u00e4r till ordf\u00f6rande \u2013 en resa genom Noaks Arks historia<\/strong><\/p>\n\n\n\n<p>Per Svensson, ordf\u00f6rande i Noaks Ark Mosaik, delar med sig av sin resa fr\u00e5n de f\u00f6rsta \u00e5ren som volont\u00e4r p\u00e5 1980-talet till sin nuvarande roll som styrelseledamot i Riksf\u00f6rbundet Noaks Ark.<\/p>\n\n\n\n<p>Utifr\u00e5n en tid d\u00e5 hiv pr\u00e4glades av r\u00e4dsla, okunskap och stigma, ber\u00e4ttar Per om vikten av <strong>kunskap, mod och gemenskap<\/strong> i kampen mot f\u00f6rdomar. Han reflekterar \u00f6ver hur m\u00f6ten med m\u00e4nniskor, engagemang och \u00f6ppenhet har format b\u00e5de honom sj\u00e4lv och organisationen.<\/p>\n\n\n\n<p>Trots stora medicinska framsteg lever skammen och stigmat kring hiv fortfarande kvar. Men med <strong>erfarenhet, representation och fortsatt engagemang<\/strong> ser Per hopp om f\u00f6r\u00e4ndring \u2013 och en framtid d\u00e4r alla m\u00e4nniskor kan m\u00f6tas utan r\u00e4dsla eller f\u00f6rdomar.<\/p>\n\n\n\n<figure class=\"wp-block-table\"><table class=\"has-fixed-layout\"><tbody><tr><td>Lyssna p\u00e5 <a href=\"https:\/\/noaksark.us7.list-manage.com\/track\/click?u=71a84b9671d94c0555c31686b&amp;id=2a74d67360&amp;e=1f78db01a2\">Del 1 av Noaks Ark-podden<\/a><br>Lyssna p\u00e5 <a href=\"https:\/\/noaksark.us7.list-manage.com\/track\/click?u=71a84b9671d94c0555c31686b&amp;id=5f00f66cca&amp;e=1f78db01a2\">Del 2 av Noaks Ark-podden<\/a>\u00a0 \u00a0<\/td><\/tr><\/tbody><\/table><\/figure>\n","protected":false},"excerpt":{"rendered":"<p>Tv\u00e5 samtal med Per Svensson Fr\u00e5n volont\u00e4r till ordf\u00f6rande \u2013 en resa genom Noaks Arks historia Per Svensson, ordf\u00f6rande i Noaks Ark Mosaik, delar med sig av sin resa fr\u00e5n de f\u00f6rsta \u00e5ren som volont\u00e4r&#8230;<\/p>\n","protected":false},"author":24,"featured_media":3423,"comment_status":"closed","ping_status":"closed","sticky":false,"template":"","format":"standard","meta":{"_acf_changed":false,"footnotes":""},"categories":[1],"tags":[],"class_list":["post-3422","post","type-post","status-publish","format-standard","has-post-thumbnail","hentry","category-okategoriserad"],"acf":[],"yoast_head":"<!-- This site is optimized with the Yoast SEO Premium plugin v27.4 (Yoast SEO v27.5) - https:\/\/yoast.com\/product\/yoast-seo-premium-wordpress\/ -->\n<title>Tv\u00e5 samtal med Noaks Ark Mosaiks ordf\u00f6rande Per Svensson. Lyssna i Noaks Ark-podden - Noaks Ark Mosaik - Sk\u00e5ne &amp; Blekinge<\/title>\n<meta name=\"robots\" content=\"index, follow, max-snippet:-1, max-image-preview:large, max-video-preview:-1\" \/>\n<link rel=\"canonical\" href=\"https:\/\/noaksark.org\/mosaik\/2025\/11\/04\/tva-samtal-med-noaks-ark-mosaiks-ordforande-per-svensson-lyssna-i-noaks-ark-podden\/\" \/>\n<meta property=\"og:locale\" content=\"sv_SE\" \/>\n<meta property=\"og:type\" content=\"article\" \/>\n<meta property=\"og:title\" content=\"Tv\u00e5 samtal med Noaks Ark Mosaiks ordf\u00f6rande Per Svensson. Lyssna i Noaks Ark-podden\" \/>\n<meta property=\"og:description\" content=\"Tv\u00e5 samtal med Per Svensson Fr\u00e5n volont\u00e4r till ordf\u00f6rande \u2013 en resa genom Noaks Arks historia Per Svensson, ordf\u00f6rande i Noaks Ark Mosaik, delar med sig av sin resa fr\u00e5n de f\u00f6rsta \u00e5ren som volont\u00e4r...\" \/>\n<meta property=\"og:url\" content=\"https:\/\/noaksark.org\/mosaik\/2025\/11\/04\/tva-samtal-med-noaks-ark-mosaiks-ordforande-per-svensson-lyssna-i-noaks-ark-podden\/\" \/>\n<meta property=\"og:site_name\" content=\"Noaks Ark Mosaik - Sk\u00e5ne &amp; Blekinge\" \/>\n<meta property=\"article:published_time\" content=\"2025-11-04T14:01:19+00:00\" \/>\n<meta property=\"article:modified_time\" content=\"2025-11-04T14:01:20+00:00\" \/>\n<meta property=\"og:image\" content=\"https:\/\/noaksark.org\/mosaik\/wp-content\/uploads\/sites\/6\/2025\/11\/per-sophie.jpg\" \/>\n\t<meta property=\"og:image:width\" content=\"1536\" \/>\n\t<meta property=\"og:image:height\" content=\"1536\" \/>\n\t<meta property=\"og:image:type\" content=\"image\/jpeg\" \/>\n<meta name=\"author\" content=\"Mikaela Berg\" \/>\n<meta name=\"twitter:card\" content=\"summary_large_image\" \/>\n<meta name=\"twitter:label1\" content=\"Skriven av\" \/>\n\t<meta name=\"twitter:data1\" content=\"Mikaela Berg\" \/>\n\t<meta name=\"twitter:label2\" content=\"Ber\u00e4knad l\u00e4stid\" \/>\n\t<meta name=\"twitter:data2\" content=\"1 minut\" \/>\n<script type=\"application\/ld+json\" class=\"yoast-schema-graph\">{\"@context\":\"https:\\\/\\\/schema.org\",\"@graph\":[{\"@type\":\"Article\",\"@id\":\"https:\\\/\\\/noaksark.org\\\/mosaik\\\/2025\\\/11\\\/04\\\/tva-samtal-med-noaks-ark-mosaiks-ordforande-per-svensson-lyssna-i-noaks-ark-podden\\\/#article\",\"isPartOf\":{\"@id\":\"https:\\\/\\\/noaksark.org\\\/mosaik\\\/2025\\\/11\\\/04\\\/tva-samtal-med-noaks-ark-mosaiks-ordforande-per-svensson-lyssna-i-noaks-ark-podden\\\/\"},\"author\":{\"name\":\"Mikaela Berg\",\"@id\":\"https:\\\/\\\/noaksark.org\\\/mosaik\\\/#\\\/schema\\\/person\\\/e840492bef45fb153cacb6c4cea50c88\"},\"headline\":\"Tv\u00e5 samtal med Noaks Ark Mosaiks ordf\u00f6rande Per Svensson. Lyssna i Noaks Ark-podden\",\"datePublished\":\"2025-11-04T14:01:19+00:00\",\"dateModified\":\"2025-11-04T14:01:20+00:00\",\"mainEntityOfPage\":{\"@id\":\"https:\\\/\\\/noaksark.org\\\/mosaik\\\/2025\\\/11\\\/04\\\/tva-samtal-med-noaks-ark-mosaiks-ordforande-per-svensson-lyssna-i-noaks-ark-podden\\\/\"},\"wordCount\":173,\"image\":{\"@id\":\"https:\\\/\\\/noaksark.org\\\/mosaik\\\/2025\\\/11\\\/04\\\/tva-samtal-med-noaks-ark-mosaiks-ordforande-per-svensson-lyssna-i-noaks-ark-podden\\\/#primaryimage\"},\"thumbnailUrl\":\"https:\\\/\\\/noaksark.org\\\/mosaik\\\/wp-content\\\/uploads\\\/sites\\\/6\\\/2025\\\/11\\\/per-sophie.jpg\",\"articleSection\":[\"Okategoriserad\"],\"inLanguage\":\"sv-SE\"},{\"@type\":\"WebPage\",\"@id\":\"https:\\\/\\\/noaksark.org\\\/mosaik\\\/2025\\\/11\\\/04\\\/tva-samtal-med-noaks-ark-mosaiks-ordforande-per-svensson-lyssna-i-noaks-ark-podden\\\/\",\"url\":\"https:\\\/\\\/noaksark.org\\\/mosaik\\\/2025\\\/11\\\/04\\\/tva-samtal-med-noaks-ark-mosaiks-ordforande-per-svensson-lyssna-i-noaks-ark-podden\\\/\",\"name\":\"Tv\u00e5 samtal med Noaks Ark Mosaiks ordf\u00f6rande Per Svensson. Lyssna i Noaks Ark-podden - Noaks Ark Mosaik - Sk\u00e5ne &amp; Blekinge\",\"isPartOf\":{\"@id\":\"https:\\\/\\\/noaksark.org\\\/mosaik\\\/#website\"},\"primaryImageOfPage\":{\"@id\":\"https:\\\/\\\/noaksark.org\\\/mosaik\\\/2025\\\/11\\\/04\\\/tva-samtal-med-noaks-ark-mosaiks-ordforande-per-svensson-lyssna-i-noaks-ark-podden\\\/#primaryimage\"},\"image\":{\"@id\":\"https:\\\/\\\/noaksark.org\\\/mosaik\\\/2025\\\/11\\\/04\\\/tva-samtal-med-noaks-ark-mosaiks-ordforande-per-svensson-lyssna-i-noaks-ark-podden\\\/#primaryimage\"},\"thumbnailUrl\":\"https:\\\/\\\/noaksark.org\\\/mosaik\\\/wp-content\\\/uploads\\\/sites\\\/6\\\/2025\\\/11\\\/per-sophie.jpg\",\"datePublished\":\"2025-11-04T14:01:19+00:00\",\"dateModified\":\"2025-11-04T14:01:20+00:00\",\"author\":{\"@id\":\"https:\\\/\\\/noaksark.org\\\/mosaik\\\/#\\\/schema\\\/person\\\/e840492bef45fb153cacb6c4cea50c88\"},\"breadcrumb\":{\"@id\":\"https:\\\/\\\/noaksark.org\\\/mosaik\\\/2025\\\/11\\\/04\\\/tva-samtal-med-noaks-ark-mosaiks-ordforande-per-svensson-lyssna-i-noaks-ark-podden\\\/#breadcrumb\"},\"inLanguage\":\"sv-SE\",\"potentialAction\":[{\"@type\":\"ReadAction\",\"target\":[\"https:\\\/\\\/noaksark.org\\\/mosaik\\\/2025\\\/11\\\/04\\\/tva-samtal-med-noaks-ark-mosaiks-ordforande-per-svensson-lyssna-i-noaks-ark-podden\\\/\"]}]},{\"@type\":\"ImageObject\",\"inLanguage\":\"sv-SE\",\"@id\":\"https:\\\/\\\/noaksark.org\\\/mosaik\\\/2025\\\/11\\\/04\\\/tva-samtal-med-noaks-ark-mosaiks-ordforande-per-svensson-lyssna-i-noaks-ark-podden\\\/#primaryimage\",\"url\":\"https:\\\/\\\/noaksark.org\\\/mosaik\\\/wp-content\\\/uploads\\\/sites\\\/6\\\/2025\\\/11\\\/per-sophie.jpg\",\"contentUrl\":\"https:\\\/\\\/noaksark.org\\\/mosaik\\\/wp-content\\\/uploads\\\/sites\\\/6\\\/2025\\\/11\\\/per-sophie.jpg\",\"width\":1536,\"height\":1536},{\"@type\":\"BreadcrumbList\",\"@id\":\"https:\\\/\\\/noaksark.org\\\/mosaik\\\/2025\\\/11\\\/04\\\/tva-samtal-med-noaks-ark-mosaiks-ordforande-per-svensson-lyssna-i-noaks-ark-podden\\\/#breadcrumb\",\"itemListElement\":[{\"@type\":\"ListItem\",\"position\":1,\"name\":\"Home\",\"item\":\"https:\\\/\\\/noaksark.org\\\/mosaik\\\/\"},{\"@type\":\"ListItem\",\"position\":2,\"name\":\"Tv\u00e5 samtal med Noaks Ark Mosaiks ordf\u00f6rande Per Svensson. Lyssna i Noaks Ark-podden\"}]},{\"@type\":\"WebSite\",\"@id\":\"https:\\\/\\\/noaksark.org\\\/mosaik\\\/#website\",\"url\":\"https:\\\/\\\/noaksark.org\\\/mosaik\\\/\",\"name\":\"Noaks Ark Mosaik - Sk\u00e5ne &amp; Blekinge\",\"description\":\"\",\"potentialAction\":[{\"@type\":\"SearchAction\",\"target\":{\"@type\":\"EntryPoint\",\"urlTemplate\":\"https:\\\/\\\/noaksark.org\\\/mosaik\\\/?s={search_term_string}\"},\"query-input\":{\"@type\":\"PropertyValueSpecification\",\"valueRequired\":true,\"valueName\":\"search_term_string\"}}],\"inLanguage\":\"sv-SE\"},{\"@type\":\"Person\",\"@id\":\"https:\\\/\\\/noaksark.org\\\/mosaik\\\/#\\\/schema\\\/person\\\/e840492bef45fb153cacb6c4cea50c88\",\"name\":\"Mikaela Berg\",\"image\":{\"@type\":\"ImageObject\",\"inLanguage\":\"sv-SE\",\"@id\":\"https:\\\/\\\/secure.gravatar.com\\\/avatar\\\/49e11e7b39cb63709dcc554df0b4f15a97eea23a077edfde789bf87ccab2d72a?s=96&d=mm&r=g\",\"url\":\"https:\\\/\\\/secure.gravatar.com\\\/avatar\\\/49e11e7b39cb63709dcc554df0b4f15a97eea23a077edfde789bf87ccab2d72a?s=96&d=mm&r=g\",\"contentUrl\":\"https:\\\/\\\/secure.gravatar.com\\\/avatar\\\/49e11e7b39cb63709dcc554df0b4f15a97eea23a077edfde789bf87ccab2d72a?s=96&d=mm&r=g\",\"caption\":\"Mikaela Berg\"},\"url\":\"https:\\\/\\\/noaksark.org\\\/mosaik\\\/author\\\/mikaelaberg\\\/\"}]}<\/script>\n<!-- \/ Yoast SEO Premium plugin. -->","yoast_head_json":{"title":"Tv\u00e5 samtal med Noaks Ark Mosaiks ordf\u00f6rande Per Svensson. Lyssna i Noaks Ark-podden - Noaks Ark Mosaik - Sk\u00e5ne &amp; Blekinge","robots":{"index":"index","follow":"follow","max-snippet":"max-snippet:-1","max-image-preview":"max-image-preview:large","max-video-preview":"max-video-preview:-1"},"canonical":"https:\/\/noaksark.org\/mosaik\/2025\/11\/04\/tva-samtal-med-noaks-ark-mosaiks-ordforande-per-svensson-lyssna-i-noaks-ark-podden\/","og_locale":"sv_SE","og_type":"article","og_title":"Tv\u00e5 samtal med Noaks Ark Mosaiks ordf\u00f6rande Per Svensson. Lyssna i Noaks Ark-podden","og_description":"Tv\u00e5 samtal med Per Svensson Fr\u00e5n volont\u00e4r till ordf\u00f6rande \u2013 en resa genom Noaks Arks historia Per Svensson, ordf\u00f6rande i Noaks Ark Mosaik, delar med sig av sin resa fr\u00e5n de f\u00f6rsta \u00e5ren som volont\u00e4r...","og_url":"https:\/\/noaksark.org\/mosaik\/2025\/11\/04\/tva-samtal-med-noaks-ark-mosaiks-ordforande-per-svensson-lyssna-i-noaks-ark-podden\/","og_site_name":"Noaks Ark Mosaik - Sk\u00e5ne &amp; Blekinge","article_published_time":"2025-11-04T14:01:19+00:00","article_modified_time":"2025-11-04T14:01:20+00:00","og_image":[{"width":1536,"height":1536,"url":"https:\/\/noaksark.org\/mosaik\/wp-content\/uploads\/sites\/6\/2025\/11\/per-sophie.jpg","type":"image\/jpeg"}],"author":"Mikaela Berg","twitter_card":"summary_large_image","twitter_misc":{"Skriven av":"Mikaela Berg","Ber\u00e4knad l\u00e4stid":"1 minut"},"schema":{"@context":"https:\/\/schema.org","@graph":[{"@type":"Article","@id":"https:\/\/noaksark.org\/mosaik\/2025\/11\/04\/tva-samtal-med-noaks-ark-mosaiks-ordforande-per-svensson-lyssna-i-noaks-ark-podden\/#article","isPartOf":{"@id":"https:\/\/noaksark.org\/mosaik\/2025\/11\/04\/tva-samtal-med-noaks-ark-mosaiks-ordforande-per-svensson-lyssna-i-noaks-ark-podden\/"},"author":{"name":"Mikaela Berg","@id":"https:\/\/noaksark.org\/mosaik\/#\/schema\/person\/e840492bef45fb153cacb6c4cea50c88"},"headline":"Tv\u00e5 samtal med Noaks Ark Mosaiks ordf\u00f6rande Per Svensson. Lyssna i Noaks Ark-podden","datePublished":"2025-11-04T14:01:19+00:00","dateModified":"2025-11-04T14:01:20+00:00","mainEntityOfPage":{"@id":"https:\/\/noaksark.org\/mosaik\/2025\/11\/04\/tva-samtal-med-noaks-ark-mosaiks-ordforande-per-svensson-lyssna-i-noaks-ark-podden\/"},"wordCount":173,"image":{"@id":"https:\/\/noaksark.org\/mosaik\/2025\/11\/04\/tva-samtal-med-noaks-ark-mosaiks-ordforande-per-svensson-lyssna-i-noaks-ark-podden\/#primaryimage"},"thumbnailUrl":"https:\/\/noaksark.org\/mosaik\/wp-content\/uploads\/sites\/6\/2025\/11\/per-sophie.jpg","articleSection":["Okategoriserad"],"inLanguage":"sv-SE"},{"@type":"WebPage","@id":"https:\/\/noaksark.org\/mosaik\/2025\/11\/04\/tva-samtal-med-noaks-ark-mosaiks-ordforande-per-svensson-lyssna-i-noaks-ark-podden\/","url":"https:\/\/noaksark.org\/mosaik\/2025\/11\/04\/tva-samtal-med-noaks-ark-mosaiks-ordforande-per-svensson-lyssna-i-noaks-ark-podden\/","name":"Tv\u00e5 samtal med Noaks Ark Mosaiks ordf\u00f6rande Per Svensson. Lyssna i Noaks Ark-podden - Noaks Ark Mosaik - Sk\u00e5ne &amp; Blekinge","isPartOf":{"@id":"https:\/\/noaksark.org\/mosaik\/#website"},"primaryImageOfPage":{"@id":"https:\/\/noaksark.org\/mosaik\/2025\/11\/04\/tva-samtal-med-noaks-ark-mosaiks-ordforande-per-svensson-lyssna-i-noaks-ark-podden\/#primaryimage"},"image":{"@id":"https:\/\/noaksark.org\/mosaik\/2025\/11\/04\/tva-samtal-med-noaks-ark-mosaiks-ordforande-per-svensson-lyssna-i-noaks-ark-podden\/#primaryimage"},"thumbnailUrl":"https:\/\/noaksark.org\/mosaik\/wp-content\/uploads\/sites\/6\/2025\/11\/per-sophie.jpg","datePublished":"2025-11-04T14:01:19+00:00","dateModified":"2025-11-04T14:01:20+00:00","author":{"@id":"https:\/\/noaksark.org\/mosaik\/#\/schema\/person\/e840492bef45fb153cacb6c4cea50c88"},"breadcrumb":{"@id":"https:\/\/noaksark.org\/mosaik\/2025\/11\/04\/tva-samtal-med-noaks-ark-mosaiks-ordforande-per-svensson-lyssna-i-noaks-ark-podden\/#breadcrumb"},"inLanguage":"sv-SE","potentialAction":[{"@type":"ReadAction","target":["https:\/\/noaksark.org\/mosaik\/2025\/11\/04\/tva-samtal-med-noaks-ark-mosaiks-ordforande-per-svensson-lyssna-i-noaks-ark-podden\/"]}]},{"@type":"ImageObject","inLanguage":"sv-SE","@id":"https:\/\/noaksark.org\/mosaik\/2025\/11\/04\/tva-samtal-med-noaks-ark-mosaiks-ordforande-per-svensson-lyssna-i-noaks-ark-podden\/#primaryimage","url":"https:\/\/noaksark.org\/mosaik\/wp-content\/uploads\/sites\/6\/2025\/11\/per-sophie.jpg","contentUrl":"https:\/\/noaksark.org\/mosaik\/wp-content\/uploads\/sites\/6\/2025\/11\/per-sophie.jpg","width":1536,"height":1536},{"@type":"BreadcrumbList","@id":"https:\/\/noaksark.org\/mosaik\/2025\/11\/04\/tva-samtal-med-noaks-ark-mosaiks-ordforande-per-svensson-lyssna-i-noaks-ark-podden\/#breadcrumb","itemListElement":[{"@type":"ListItem","position":1,"name":"Home","item":"https:\/\/noaksark.org\/mosaik\/"},{"@type":"ListItem","position":2,"name":"Tv\u00e5 samtal med Noaks Ark Mosaiks ordf\u00f6rande Per Svensson. Lyssna i Noaks Ark-podden"}]},{"@type":"WebSite","@id":"https:\/\/noaksark.org\/mosaik\/#website","url":"https:\/\/noaksark.org\/mosaik\/","name":"Noaks Ark Mosaik - Sk\u00e5ne &amp; Blekinge","description":"","potentialAction":[{"@type":"SearchAction","target":{"@type":"EntryPoint","urlTemplate":"https:\/\/noaksark.org\/mosaik\/?s={search_term_string}"},"query-input":{"@type":"PropertyValueSpecification","valueRequired":true,"valueName":"search_term_string"}}],"inLanguage":"sv-SE"},{"@type":"Person","@id":"https:\/\/noaksark.org\/mosaik\/#\/schema\/person\/e840492bef45fb153cacb6c4cea50c88","name":"Mikaela Berg","image":{"@type":"ImageObject","inLanguage":"sv-SE","@id":"https:\/\/secure.gravatar.com\/avatar\/49e11e7b39cb63709dcc554df0b4f15a97eea23a077edfde789bf87ccab2d72a?s=96&d=mm&r=g","url":"https:\/\/secure.gravatar.com\/avatar\/49e11e7b39cb63709dcc554df0b4f15a97eea23a077edfde789bf87ccab2d72a?s=96&d=mm&r=g","contentUrl":"https:\/\/secure.gravatar.com\/avatar\/49e11e7b39cb63709dcc554df0b4f15a97eea23a077edfde789bf87ccab2d72a?s=96&d=mm&r=g","caption":"Mikaela Berg"},"url":"https:\/\/noaksark.org\/mosaik\/author\/mikaelaberg\/"}]}},"_links":{"self":[{"href":"https:\/\/noaksark.org\/mosaik\/wp-json\/wp\/v2\/posts\/3422","targetHints":{"allow":["GET"]}}],"collection":[{"href":"https:\/\/noaksark.org\/mosaik\/wp-json\/wp\/v2\/posts"}],"about":[{"href":"https:\/\/noaksark.org\/mosaik\/wp-json\/wp\/v2\/types\/post"}],"author":[{"embeddable":true,"href":"https:\/\/noaksark.org\/mosaik\/wp-json\/wp\/v2\/users\/24"}],"replies":[{"embeddable":true,"href":"https:\/\/noaksark.org\/mosaik\/wp-json\/wp\/v2\/comments?post=3422"}],"version-history":[{"count":1,"href":"https:\/\/noaksark.org\/mosaik\/wp-json\/wp\/v2\/posts\/3422\/revisions"}],"predecessor-version":[{"id":3425,"href":"https:\/\/noaksark.org\/mosaik\/wp-json\/wp\/v2\/posts\/3422\/revisions\/3425"}],"wp:featuredmedia":[{"embeddable":true,"href":"https:\/\/noaksark.org\/mosaik\/wp-json\/wp\/v2\/media\/3423"}],"wp:attachment":[{"href":"https:\/\/noaksark.org\/mosaik\/wp-json\/wp\/v2\/media?parent=3422"}],"wp:term":[{"taxonomy":"category","embeddable":true,"href":"https:\/\/noaksark.org\/mosaik\/wp-json\/wp\/v2\/categories?post=3422"},{"taxonomy":"post_tag","embeddable":true,"href":"https:\/\/noaksark.org\/mosaik\/wp-json\/wp\/v2\/tags?post=3422"}],"curies":[{"name":"wp","href":"https:\/\/api.w.org\/{rel}","templated":true}]}}